{"id":25622,"date":"2022-07-27T14:10:02","date_gmt":"2022-07-27T14:10:02","guid":{"rendered":"https:\/\/wegg.it\/?p=25622"},"modified":"2024-02-02T09:46:19","modified_gmt":"2024-02-02T09:46:19","slug":"work-life-balance-rapporto-con-digitale","status":"publish","type":"post","link":"https:\/\/wegg.it\/eng\/work-life-balance-rapporto-con-digitale\/","title":{"rendered":"Work-life balance e digitale: quale rapporto"},"content":{"rendered":"\t\t<div data-elementor-type=\"wp-post\" data-elementor-id=\"25622\" class=\"elementor elementor-25622\" data-elementor-post-type=\"post\">\n\t\t\t\t\t\t<section class=\"elementor-section elementor-top-section elementor-element elementor-element-53e0c95 elementor-section-boxed elementor-section-height-default elementor-section-height-default\" data-id=\"53e0c95\" data-element_type=\"section\" data-e-type=\"section\" data-settings=\"{&quot;background_background&quot;:&quot;classic&quot;}\">\n\t\t\t\t\t\t<div class=\"elementor-container elementor-column-gap-default\">\n\t\t\t\t\t<div class=\"elementor-column elementor-col-100 elementor-top-column elementor-element elementor-element-531edbf\" data-id=\"531edbf\" data-element_type=\"column\" data-e-type=\"column\">\n\t\t\t<div class=\"elementor-widget-wrap elementor-element-populated\">\n\t\t\t\t\t\t<div class=\"elementor-element elementor-element-8bb2f54 elementor-hidden-mobile elementor-view-default elementor-widget elementor-widget-icon\" data-id=\"8bb2f54\" data-element_type=\"widget\" data-e-type=\"widget\" data-widget_type=\"icon.default\">\n\t\t\t\t<div class=\"elementor-widget-container\">\n\t\t\t\t\t\t\t<div class=\"elementor-icon-wrapper\">\n\t\t\t<div class=\"elementor-icon\">\n\t\t\t<svg xmlns=\"http:\/\/www.w3.org\/2000\/svg\" xmlns:xlink=\"http:\/\/www.w3.org\/1999\/xlink\" id=\"Livello_1\" x=\"0px\" y=\"0px\" viewBox=\"0 0 92.25 92.25\" style=\"enable-background:new 0 0 92.25 92.25;\" xml:space=\"preserve\"><polygon points=\"90.25,2.93 90.25,88.84 1.41,0 0,1.41 88.84,90.25 2.93,90.25 2.93,92.25 92.25,92.25 92.25,2.93 \"><\/polygon><\/svg>\t\t\t<\/div>\n\t\t<\/div>\n\t\t\t\t\t\t<\/div>\n\t\t\t\t<\/div>\n\t\t\t\t\t<\/div>\n\t\t<\/div>\n\t\t\t\t\t<\/div>\n\t\t<\/section>\n\t\t\t\t<section class=\"elementor-section elementor-top-section elementor-element elementor-element-5ee191b elementor-section-boxed elementor-section-height-default elementor-section-height-default\" data-id=\"5ee191b\" data-element_type=\"section\" data-e-type=\"section\" data-settings=\"{&quot;background_background&quot;:&quot;classic&quot;}\">\n\t\t\t\t\t\t<div class=\"elementor-container elementor-column-gap-default\">\n\t\t\t\t\t<div class=\"elementor-column elementor-col-50 elementor-top-column elementor-element elementor-element-2c6e3a6\" data-id=\"2c6e3a6\" data-element_type=\"column\" data-e-type=\"column\">\n\t\t\t<div class=\"elementor-widget-wrap elementor-element-populated\">\n\t\t\t\t\t\t<div class=\"elementor-element elementor-element-20926b3 elementor-widget elementor-widget-image\" data-id=\"20926b3\" data-element_type=\"widget\" data-e-type=\"widget\" data-widget_type=\"image.default\">\n\t\t\t\t<div class=\"elementor-widget-container\">\n\t\t\t\t\t\t\t\t\t\t\t\t\t\t\t<img fetchpriority=\"high\" decoding=\"async\" width=\"800\" height=\"534\" src=\"https:\/\/wegg.it\/wp-content\/uploads\/2022\/07\/austin-distel-VvAcrVa56fc-1024x683.jpg\" class=\"attachment-large size-large wp-image-25651\" alt=\"\" srcset=\"https:\/\/wegg.it\/wp-content\/uploads\/2022\/07\/austin-distel-VvAcrVa56fc-1024x683.jpg 1024w, https:\/\/wegg.it\/wp-content\/uploads\/2022\/07\/austin-distel-VvAcrVa56fc-300x200.jpg 300w, https:\/\/wegg.it\/wp-content\/uploads\/2022\/07\/austin-distel-VvAcrVa56fc-768x512.jpg 768w, https:\/\/wegg.it\/wp-content\/uploads\/2022\/07\/austin-distel-VvAcrVa56fc-1536x1024.jpg 1536w, https:\/\/wegg.it\/wp-content\/uploads\/2022\/07\/austin-distel-VvAcrVa56fc.jpg 1587w\" sizes=\"(max-width: 800px) 100vw, 800px\" \/>\t\t\t\t\t\t\t\t\t\t\t\t\t\t\t<\/div>\n\t\t\t\t<\/div>\n\t\t\t\t<div class=\"elementor-element elementor-element-025de72 elementor-widget elementor-widget-post-info\" data-id=\"025de72\" data-element_type=\"widget\" data-e-type=\"widget\" data-widget_type=\"post-info.default\">\n\t\t\t\t<div class=\"elementor-widget-container\">\n\t\t\t\t\t\t\t<ul class=\"elementor-inline-items elementor-icon-list-items elementor-post-info\">\n\t\t\t\t\t\t\t\t<li class=\"elementor-icon-list-item elementor-repeater-item-8dd652e elementor-inline-item\" itemprop=\"datePublished\">\n\t\t\t\t\t\t<a href=\"https:\/\/wegg.it\/eng\/2022\/07\/27\/\">\n\t\t\t\t\t\t\t\t\t\t\t\t\t\t<span class=\"elementor-icon-list-text elementor-post-info__item elementor-post-info__item--type-date\">\n\t\t\t\t\t\t\t\t\t\t<time>July 27, 2022<\/time>\t\t\t\t\t<\/span>\n\t\t\t\t\t\t\t\t\t<\/a>\n\t\t\t\t<\/li>\n\t\t\t\t<\/ul>\n\t\t\t\t\t\t<\/div>\n\t\t\t\t<\/div>\n\t\t\t\t<div class=\"elementor-element elementor-element-a3e7748 elementor-widget elementor-widget-theme-post-title elementor-page-title elementor-widget-heading\" data-id=\"a3e7748\" data-element_type=\"widget\" data-e-type=\"widget\" data-widget_type=\"theme-post-title.default\">\n\t\t\t\t<div class=\"elementor-widget-container\">\n\t\t\t\t\t<h1 class=\"elementor-heading-title elementor-size-default\">Work-life balance e digitale: quale rapporto<\/h1>\t\t\t\t<\/div>\n\t\t\t\t<\/div>\n\t\t\t\t<div class=\"elementor-element elementor-element-71e4747 elementor-widget elementor-widget-text-editor\" data-id=\"71e4747\" data-element_type=\"widget\" data-e-type=\"widget\" data-widget_type=\"text-editor.default\">\n\t\t\t\t<div class=\"elementor-widget-container\">\n\t\t\t\t\t\t\t\t\t<p data-selectable-paragraph=\"\"><em>Come si fa a migliorare la qualit\u00e0 della nostra vita in rapporto al digitale? Teniamo conto del work-life balance nella scelta delle tecnologie?<\/em><\/p>\n<p id=\"7bed\" class=\"pw-post-body-paragraph jw jx iz jy b jz ka kb kc kd ke kf kg kh ki kj kk kl km kn ko kp kq kr ks kt is gb\" data-selectable-paragraph=\"\">Sono\u00a0<strong class=\"jy ja\">777mila<\/strong>\u00a0le\u00a0<strong class=\"jy ja\">dimissioni volontarie a tempo indeterminato<\/strong>\u00a0registrate nei\u00a0<strong class=\"jy ja\">primi 10 mesi del 2021<\/strong>\u00a0dal Ministero del Lavoro.\u00a0<strong class=\"jy ja\">40mila\u00a0<\/strong>in pi\u00f9 rispetto a due anni prima.<\/p>\nNumeri ancora lontani dal fenomeno americano della\u00a0<strong class=\"jy ja\">Big Quit o Great Resignation<\/strong>, le \u201c<em class=\"lg\">grandi dimissioni<\/em>\u201d che stanno interessando il mercato del lavoro statunitense, ma che sicuramente\u00a0<strong class=\"jy ja\">spingono alla riflessione<\/strong>. Le fasce d\u2019et\u00e0 maggiormente coinvolte sono state quelle pi\u00f9 giovani,\u00a0<strong class=\"jy ja\">Millennials e Generazione Z<\/strong>. Cosa sta succedendo?\n<p id=\"719b\" class=\"pw-post-body-paragraph jw jx iz jy b jz ka kb kc kd ke kf kg kh ki kj kk kl km kn ko kp kq kr ks kt is gb\" data-selectable-paragraph=\"\">Questa scelta, per certi versi, \u00e8\u00a0<strong class=\"jy ja\">figlia della pandemia<\/strong>. Confinati tra le mura domestiche, molti lavoratori sono stati costretti a rivedere il\u00a0<strong class=\"jy ja\">valore esistenziale<\/strong>\u00a0del loro lavoro e questo ha scatenato il desiderio di una vita diversa,\u00a0<strong class=\"jy ja\">pi\u00f9 flessibile e attenta<\/strong>\u00a0<strong class=\"jy ja\">al proprio benessere psicofisico<\/strong>. In particolar modo hanno sperimentato che buona parte del loro contributo poteva essere \u201c<strong class=\"jy ja\">remotizzato<\/strong>\u201d.<\/p>\n<p id=\"32b4\" class=\"pw-post-body-paragraph jw jx iz jy b jz ka kb kc kd ke kf kg kh ki kj kk kl km kn ko kp kq kr ks kt is gb\" data-selectable-paragraph=\"\">Di conseguenza sono sempre di pi\u00f9 le persone che cercano in generale\u00a0<strong class=\"jy ja\">una migliore qualit\u00e0 di vita e pi\u00f9 tempo per s\u00e9,\u00a0<\/strong>che sfocia nella ricerca di tipi di lavoro e forme di impiego che assicurano un\u00a0<strong class=\"jy ja\">miglior work life balance<\/strong>.<\/p>\n<p id=\"10a4\" class=\"pw-post-body-paragraph jw jx iz jy b jz ka kb kc kd ke kf kg kh ki kj kk kl km kn ko kp kq kr ks kt is gb\" data-selectable-paragraph=\"\">Infatti, chi ha lavorato da remoto negli ultimi due anni si \u00e8 accorto che potevano sparire\u00a0<strong class=\"jy ja\">alcuni tempi morti<\/strong>\u00a0(lo spostamento casa-lavoro ad esempio), da reimpiegare in\u00a0<strong class=\"jy ja\">momenti creativi<\/strong>\u00a0spesso trascurati.<\/p>\n\n<h2 id=\"3beb\" class=\"lh li iz bn lj lk ll lm ln lo lp lq lr ls lt lu lv lw lx ly lz ma mb mc md me gb\"><strong class=\"ba\">Il work-life balance assente: l&#8217;essere stravolti<\/strong><\/h2>\n<p id=\"1334\" class=\"pw-post-body-paragraph jw jx iz jy b jz mf kb kc kd mg kf kg kh mh kj kk kl mi kn ko kp mj kr ks kt is gb\" data-selectable-paragraph=\"\">Allo stesso tempo abbiamo assistito all\u2019altra faccia della medaglia: la\u00a0<strong class=\"jy ja\">digitalizzazione<\/strong>\u00a0\u00e8 venuta in supporto alle necessit\u00e0 lavorative da distanza ma ha anche creato\u00a0<strong class=\"jy ja\">nuove situazioni destabilizzanti<\/strong>. Una tra queste \u00e8 la\u00a0<strong class=\"jy ja\">raggiungibilit\u00e0<\/strong>: essere sempre connessi e quindi raggiungibili mette il<strong class=\"jy ja\">\u00a0dipendente\u00a0<\/strong>nelle condizioni di non poter staccare mai. Il <strong>work-life balance<\/strong> ne esce penalizzato.<\/p>\n<p id=\"0419\" class=\"pw-post-body-paragraph jw jx iz jy b jz ka kb kc kd ke kf kg kh ki kj kk kl km kn ko kp kq kr ks kt is gb\" data-selectable-paragraph=\"\">A questo proposito sono molto illuminanti le riflessioni\u00a0<strong class=\"jy ja\">dell\u2019imprenditore Brunello Cucinelli<\/strong>: in uno dei suoi interventi di presentazione della fabbrica del futuro ha spiegato come la tecnologia ci permetta s\u00ec di lavorare in qualunque luogo ma allo stesso tempo ci ha\u00a0<strong class=\"jy ja\">derubati della concentrazione.<\/strong><\/p>\n<p id=\"bc19\" class=\"pw-post-body-paragraph jw jx iz jy b jz ka kb kc kd ke kf kg kh ki kj kk kl km kn ko kp kq kr ks kt is gb\" data-selectable-paragraph=\"\">Ci troviamo in una condizione di info-obesity, in un\u00a0<strong class=\"jy ja\">eccesso di stimoli<\/strong>. Centinaia di mail al giorno, decine di meeting online pianificati, tutto\u00a0<strong class=\"jy ja\">\u00e8 diventato urgente<\/strong>\u2026 la connessione continua crea un\u00a0<strong class=\"jy ja\">tasso di deconcentrazione<\/strong>\u00a0altissimo. Il dipendente \u00e8\u00a0<strong class=\"jy ja\">continuamente interrotto<\/strong>\u00a0e la creativit\u00e0 ne risente.<\/p>\n<p id=\"bb89\" class=\"pw-post-body-paragraph jw jx iz jy b jz ka kb kc kd ke kf kg kh ki kj kk kl km kn ko kp kq kr ks kt is gb\" data-selectable-paragraph=\"\">Secondo Cucinelli, disconnettersi \u00e8 da lavoratori responsabili e il vero imprenditore deve occuparsi di\u00a0<strong class=\"jy ja\">migliorare la gestione del tempo collettiva<\/strong>. Nella sua azienda, infatti, da tempo l\u2019imprenditore umbro ha introdotto\u00a0<strong class=\"jy ja\">nuovi parametri innovativi<\/strong>: niente pi\u00f9 mail e interruzioni continue. Se una cosa \u00e8 urgente si fa una telefonata o si passa in ufficio dai colleghi. L\u2019orario di lavoro si limita a\u00a0<strong class=\"jy ja\">8 ore al giorno<\/strong>\u00a0perch\u00e9 secondo Einstein nessuno pu\u00f2 mantenere la concentrazione per pi\u00f9 di sei ore al giorno.<\/p>\n<p id=\"e0e5\" class=\"pw-post-body-paragraph jw jx iz jy b jz ka kb kc kd ke kf kg kh ki kj kk kl km kn ko kp kq kr ks kt is gb\" data-selectable-paragraph=\"\">Quindi serate lavorative non esistono e il weekend deve essere libero. \u00abDobbiamo concentrare il nostro orario di lavoro\u00bb afferma \u00absenza uscire stravolti. Abbiamo bisogno di riequilibrarci, di lavorare ma anche di vivere la nostra vita\u00bb.<\/p>\n<p id=\"e775\" class=\"pw-post-body-paragraph jw jx iz jy b jz ka kb kc kd ke kf kg kh ki kj kk kl km kn ko kp kq kr ks kt is gb\" data-selectable-paragraph=\"\">\u00c8 inutile lavorare 12, 13 ma anche 17 ore al giorno se il 30% del tempo dedicato al lavoro si perde in niente perch\u00e9 viene bruciato in social o in attivit\u00e0 interruttive.<\/p>\n\n<h2 id=\"692a\" class=\"lh li iz bn lj lk ll lm ln lo lp lq lr ls lt lu lv lw lx ly lz ma mb mc md me gb\"><strong class=\"ba\">La tecnologia per il work-life balance, bene o male?<\/strong><\/h2>\n<p id=\"0548\" class=\"pw-post-body-paragraph jw jx iz jy b jz mf kb kc kd mg kf kg kh mh kj kk kl mi kn ko kp mj kr ks kt is gb\" data-selectable-paragraph=\"\">Quindi, come dobbiamo considerare la\u00a0<strong class=\"jy ja\">tecnologia <\/strong>in relazione al work-life balance e alla qualit\u00e0 della vita? Per prima cosa, la tecnologia \u00e8 un potente abilitatore del lavoro agile. I datori di lavoro possono ridurre lo \u201csfastidio\u201d promuovendo <strong class=\"jy ja\">flessibilit\u00e0 oraria e smart working<\/strong>, per garantire un\u00a0<strong class=\"jy ja\">miglior equilibrio vita-lavoro.<\/strong><\/p>\n<p id=\"d0ac\" class=\"pw-post-body-paragraph jw jx iz jy b jz ka kb kc kd ke kf kg kh ki kj kk kl km kn ko kp kq kr ks kt is gb\" data-selectable-paragraph=\"\">Ma anche qui le realt\u00e0 che sono realmente \u201c<a class=\"au mk\" href=\"https:\/\/wegg.it\/lavoro-agile-necessita-aziende\/\" target=\"_blank\" rel=\"noopener ugc nofollow\">agili<\/a>\u201d sono davvero poche, perch\u00e9 non sono in grado di abilitare velocemente postazioni da remoto sicure (le minacce sono molte, ne parliamo <a class=\"au mk\" href=\"https:\/\/wegg.it\/lavoro-agile-evitare-attacchi-cyber\/\" target=\"_blank\" rel=\"noopener ugc nofollow\">qui<\/a>) o di offrire supporto ai dipendenti in caso di malfunzionamenti. Quindi \u00e8 richiesta una\u00a0<strong class=\"jy ja\">profonda riorganizzazione del lavoro<\/strong>, a partire dall\u2019azienda stessa.<\/p>\nIn WEGG affermiamo che il <strong class=\"jy ja\">Work From Anywhere<\/strong>\u00a0\u00e8 il primo passo per la trasformazione digitale. Ma solo il primo, bisogna partire dalle persone e disegnare\u00a0<strong class=\"jy ja\">la tecnologia sui loro bisogni.\u00a0<\/strong>In questo percorso bisogna anche misurare da vicino gli\u00a0<strong class=\"jy ja\">effetti della digitalizzazione<\/strong>: il fatto di poter gestire centralmente tutti i device con cui i dipendenti lavorano permette non solo di predisporli al lavoro agile, ma anche di\u00a0<strong class=\"jy ja\">aiutarli a disconnettersi.<\/strong>\n<p id=\"def9\" class=\"pw-post-body-paragraph jw jx iz jy b jz ka kb kc kd ke kf kg kh ki kj kk kl km kn ko kp kq kr ks kt is gb\" data-selectable-paragraph=\"\">Un simile sistema, ad esempio, favorisce l\u2019applicazione di\u00a0<strong class=\"jy ja\">policy per la sicurezza<\/strong>\u00a0ma anche per una\u00a0<strong class=\"jy ja\">migliore gestione del tempo,\u00a0<\/strong>evitando che il dipendente sia continuamente interrotto da notifiche mentre \u00e8 impegnato in attivit\u00e0 creative.<\/p>\n<p data-selectable-paragraph=\"\">Se vogliamo metterla sul piano del business, un dipendente sereno produce di pi\u00f9 e meglio.<\/p>\n<p id=\"f7d7\" class=\"pw-subtitle-paragraph jw iy iz bn b jx jy jz ka kb kc kd ke kf kg kh ki kj kk kl km kn co\"><em>*L&#8217;articolo, a firma Camilla Bottin, \u00e8 stato originariamente pubblicato su <a href=\"https:\/\/medium.com\/catobistrategy\/perch%C3%A9-migliorare-la-qualit%C3%A0-di-vita-in-rapporto-al-digitale-d5e6c1a66f87\" rel=\"dofollow\">Catobium &#8211; Il Magazine dei Writers di Catobi.\u00a0<\/a><\/em><\/p>\t\t\t\t\t\t\t\t<\/div>\n\t\t\t\t<\/div>\n\t\t\t\t\t<\/div>\n\t\t<\/div>\n\t\t\t\t<div class=\"elementor-column elementor-col-50 elementor-top-column elementor-element elementor-element-d4c0349\" data-id=\"d4c0349\" data-element_type=\"column\" data-e-type=\"column\">\n\t\t\t<div class=\"elementor-widget-wrap elementor-element-populated\">\n\t\t\t\t\t\t<div class=\"elementor-element elementor-element-54a6278 elementor-widget elementor-widget-text-editor\" data-id=\"54a6278\" data-element_type=\"widget\" data-e-type=\"widget\" data-widget_type=\"text-editor.default\">\n\t\t\t\t<div class=\"elementor-widget-container\">\n\t\t\t\t\t\t\t\t\t<p>Approfondimenti<\/p>\t\t\t\t\t\t\t\t<\/div>\n\t\t\t\t<\/div>\n\t\t\t\t<div class=\"elementor-element elementor-element-6dceb23 elementor-grid-1 elementor-posts--thumbnail-none elementor-grid-tablet-2 elementor-grid-mobile-1 elementor-widget elementor-widget-posts\" data-id=\"6dceb23\" data-element_type=\"widget\" data-e-type=\"widget\" data-settings=\"{&quot;classic_columns&quot;:&quot;1&quot;,&quot;classic_columns_tablet&quot;:&quot;2&quot;,&quot;classic_columns_mobile&quot;:&quot;1&quot;,&quot;classic_row_gap&quot;:{&quot;unit&quot;:&quot;px&quot;,&quot;size&quot;:35,&quot;sizes&quot;:[]},&quot;classic_row_gap_tablet&quot;:{&quot;unit&quot;:&quot;px&quot;,&quot;size&quot;:&quot;&quot;,&quot;sizes&quot;:[]},&quot;classic_row_gap_mobile&quot;:{&quot;unit&quot;:&quot;px&quot;,&quot;size&quot;:&quot;&quot;,&quot;sizes&quot;:[]}}\" data-widget_type=\"posts.classic\">\n\t\t\t\t<div class=\"elementor-widget-container\">\n\t\t\t\t\t\t\t<div class=\"elementor-posts-container elementor-posts elementor-posts--skin-classic elementor-grid\" role=\"list\">\n\t\t\t\t<article class=\"elementor-post elementor-grid-item post-41733 post type-post status-publish format-standard has-post-thumbnail hentry category-approfondimenti category-asset-management tag-dynamics-365 tag-itam tag-licensing tag-microsoft-dynamics\" role=\"listitem\">\n\t\t\t\t<div class=\"elementor-post__text\">\n\t\t\t\t<h3 class=\"elementor-post__title\">\n\t\t\t<a href=\"https:\/\/wegg.it\/eng\/licensing-di-microsoft-dynamics-365-una-guida\/\" >\n\t\t\t\tLicensing di Microsoft Dynamics 365: una guida\t\t\t<\/a>\n\t\t<\/h3>\n\t\t\t\t<\/div>\n\t\t\t\t<\/article>\n\t\t\t\t<article class=\"elementor-post elementor-grid-item post-38492 post type-post status-publish format-standard has-post-thumbnail hentry category-approfondimenti category-asset-management category-monitoraggio-asset-it tag-accesso-indiretto-in-sap tag-costi-accesso-indiretto-sap tag-digital-access-sap tag-gestione-licenze-software-sap tag-licenze-sap-ecc-vs-s-4-hana tag-migrazione-da-ecc-a-s-4-hana tag-ottimizzazione-accesso-indiretto-sap tag-rise-with-sap-licenze tag-sap tag-sap-licensing-strategy tag-sap-s-4-hana-licensing\" role=\"listitem\">\n\t\t\t\t<div class=\"elementor-post__text\">\n\t\t\t\t<h3 class=\"elementor-post__title\">\n\t\t\t<a href=\"https:\/\/wegg.it\/eng\/accesso-indiretto-come-licenziarlo-nel-passaggio-a-s-4-hana-e-rise-with-sap\/\" >\n\t\t\t\tAccesso indiretto: come licenziarlo nel passaggio a S\/4 HANA e Rise with SAP\t\t\t<\/a>\n\t\t<\/h3>\n\t\t\t\t<\/div>\n\t\t\t\t<\/article>\n\t\t\t\t<article class=\"elementor-post elementor-grid-item post-24762 post type-post status-publish format-standard has-post-thumbnail hentry category-approfondimenti category-protezione-dei-dati category-work-from-anywhere category-workplace-security tag-cyber-attacchi tag-everywhere-workplace tag-hacker tag-lavoro-agile tag-lavoro-remoto tag-smart-working\" role=\"listitem\">\n\t\t\t\t<div class=\"elementor-post__text\">\n\t\t\t\t<h3 class=\"elementor-post__title\">\n\t\t\t<a href=\"https:\/\/wegg.it\/eng\/lavoro-agile-evitare-attacchi-cyber\/\" >\n\t\t\t\tLavoro agile e attacchi: tutte le minacce all&#8217;Everywhere Workplace\t\t\t<\/a>\n\t\t<\/h3>\n\t\t\t\t<\/div>\n\t\t\t\t<\/article>\n\t\t\t\t<article class=\"elementor-post elementor-grid-item post-41657 post type-post status-publish format-standard has-post-thumbnail hentry category-approfondimenti category-work-from-anywhere tag-endpoint-manager tag-ivanti-endpoint-manager tag-ivanti-neurons tag-migrazione tag-migrazioni-os tag-windows tag-windows-11\" role=\"listitem\">\n\t\t\t\t<div class=\"elementor-post__text\">\n\t\t\t\t<h3 class=\"elementor-post__title\">\n\t\t\t<a href=\"https:\/\/wegg.it\/eng\/da-endpoint-manager-a-ivanti-neurons-la-rivoluzione-nella-gestione-delle-migrazioni-os\/\" >\n\t\t\t\tDa Endpoint Manager a Ivanti Neurons: la rivoluzione nella gestione delle migrazioni OS\t\t\t<\/a>\n\t\t<\/h3>\n\t\t\t\t<\/div>\n\t\t\t\t<\/article>\n\t\t\t\t<article class=\"elementor-post elementor-grid-item post-24469 post type-post status-publish format-standard has-post-thumbnail hentry category-approfondimenti category-asset-management category-rinegoziazione-contratti category-risk-avoidance category-supply-management tag-daap tag-digital-access tag-sam tag-sap tag-software-asset-management\" role=\"listitem\">\n\t\t\t\t<div class=\"elementor-post__text\">\n\t\t\t\t<h3 class=\"elementor-post__title\">\n\t\t\t<a href=\"https:\/\/wegg.it\/eng\/daap-sap-quando-sceglierlo\/\" >\n\t\t\t\tDAAP: s\u00ec o no? I 5 fattori da considerare nella scelta del modello di licenza SAP\u00ae\t\t\t<\/a>\n\t\t<\/h3>\n\t\t\t\t<\/div>\n\t\t\t\t<\/article>\n\t\t\t\t<article class=\"elementor-post elementor-grid-item post-24801 post type-post status-publish format-standard has-post-thumbnail hentry category-allestimento-postazioni-digitali category-approfondimenti category-work-from-anywhere category-workplace-management tag-everywhere-workplace tag-lavoro-agile tag-remote-working tag-smart-working tag-workplace-management\" role=\"listitem\">\n\t\t\t\t<div class=\"elementor-post__text\">\n\t\t\t\t<h3 class=\"elementor-post__title\">\n\t\t\t<a href=\"https:\/\/wegg.it\/eng\/lavoro-agile-necessita-aziende\/\" >\n\t\t\t\tEverywhere Workplace: rendere il lavoro agile \u00e8 una necessit\u00e0?\t\t\t<\/a>\n\t\t<\/h3>\n\t\t\t\t<\/div>\n\t\t\t\t<\/article>\n\t\t\t\t<\/div>\n\t\t\n\t\t\t\t\t\t<\/div>\n\t\t\t\t<\/div>\n\t\t\t\t\t<\/div>\n\t\t<\/div>\n\t\t\t\t\t<\/div>\n\t\t<\/section>\n\t\t\t\t<section class=\"elementor-section elementor-top-section elementor-element elementor-element-bc87895 elementor-hidden-mobile elementor-section-boxed elementor-section-height-default elementor-section-height-default\" data-id=\"bc87895\" data-element_type=\"section\" data-e-type=\"section\" data-settings=\"{&quot;background_background&quot;:&quot;classic&quot;}\">\n\t\t\t\t\t\t<div class=\"elementor-container elementor-column-gap-default\">\n\t\t\t\t\t<div class=\"elementor-column elementor-col-100 elementor-top-column elementor-element elementor-element-7e6f41e\" data-id=\"7e6f41e\" data-element_type=\"column\" data-e-type=\"column\">\n\t\t\t<div class=\"elementor-widget-wrap elementor-element-populated\">\n\t\t\t\t\t\t<div class=\"elementor-element elementor-element-01244f8 elementor-widget elementor-widget-image\" data-id=\"01244f8\" data-element_type=\"widget\" data-e-type=\"widget\" data-widget_type=\"image.default\">\n\t\t\t\t<div class=\"elementor-widget-container\">\n\t\t\t\t\t\t\t\t\t\t\t\t\t\t\t<img decoding=\"async\" data-src=\"https:\/\/wegg.it\/wp-content\/uploads\/2022\/04\/02-s-pattern02.png\" title=\"02-s pattern02\" alt=\"02-s pattern02\" src=\"data:image\/svg+xml;base64,PHN2ZyB3aWR0aD0iMSIgaGVpZ2h0PSIxIiB4bWxucz0iaHR0cDovL3d3dy53My5vcmcvMjAwMC9zdmciPjwvc3ZnPg==\" class=\"lazyload\" style=\"--smush-placeholder-width: 1655px; --smush-placeholder-aspect-ratio: 1655\/388;\" \/>\t\t\t\t\t\t\t\t\t\t\t\t\t\t\t<\/div>\n\t\t\t\t<\/div>\n\t\t\t\t<div class=\"elementor-element elementor-element-cb98fd6 elementor-view-default elementor-widget elementor-widget-icon\" data-id=\"cb98fd6\" data-element_type=\"widget\" data-e-type=\"widget\" data-widget_type=\"icon.default\">\n\t\t\t\t<div class=\"elementor-widget-container\">\n\t\t\t\t\t\t\t<div class=\"elementor-icon-wrapper\">\n\t\t\t<div class=\"elementor-icon\">\n\t\t\t<svg xmlns=\"http:\/\/www.w3.org\/2000\/svg\" xmlns:xlink=\"http:\/\/www.w3.org\/1999\/xlink\" id=\"Livello_1\" x=\"0px\" y=\"0px\" viewBox=\"0 0 92.25 92.25\" style=\"enable-background:new 0 0 92.25 92.25;\" xml:space=\"preserve\"><polygon points=\"90.25,2.93 90.25,88.84 1.41,0 0,1.41 88.84,90.25 2.93,90.25 2.93,92.25 92.25,92.25 92.25,2.93 \"><\/polygon><\/svg>\t\t\t<\/div>\n\t\t<\/div>\n\t\t\t\t\t\t<\/div>\n\t\t\t\t<\/div>\n\t\t\t\t<div class=\"elementor-element elementor-element-f32d69c elementor-widget elementor-widget-heading\" data-id=\"f32d69c\" data-element_type=\"widget\" data-e-type=\"widget\" data-widget_type=\"heading.default\">\n\t\t\t\t<div class=\"elementor-widget-container\">\n\t\t\t\t\t<h2 class=\"elementor-heading-title elementor-size-default\">Vorresti migliorare il work-life balance dei tuoi utenti?<\/h2>\t\t\t\t<\/div>\n\t\t\t\t<\/div>\n\t\t\t\t<div class=\"elementor-element elementor-element-a20b313 elementor-widget elementor-widget-heading\" data-id=\"a20b313\" data-element_type=\"widget\" data-e-type=\"widget\" data-widget_type=\"heading.default\">\n\t\t\t\t<div class=\"elementor-widget-container\">\n\t\t\t\t\t<h2 class=\"elementor-heading-title elementor-size-default\">CONTATTACI PER APPROFONDIRE!<\/h2>\t\t\t\t<\/div>\n\t\t\t\t<\/div>\n\t\t\t\t<div class=\"elementor-element elementor-element-fe88395 elementor-widget-divider--view-line elementor-widget elementor-widget-divider\" data-id=\"fe88395\" data-element_type=\"widget\" data-e-type=\"widget\" data-widget_type=\"divider.default\">\n\t\t\t\t<div class=\"elementor-widget-container\">\n\t\t\t\t\t\t\t<div class=\"elementor-divider\">\n\t\t\t<span class=\"elementor-divider-separator\">\n\t\t\t\t\t\t<\/span>\n\t\t<\/div>\n\t\t\t\t\t\t<\/div>\n\t\t\t\t<\/div>\n\t\t\t\t<div class=\"elementor-element elementor-element-372754d elementor-button-align-center elementor-widget elementor-widget-form\" data-id=\"372754d\" data-element_type=\"widget\" data-e-type=\"widget\" data-settings=\"{&quot;step_next_label&quot;:&quot;Next&quot;,&quot;step_previous_label&quot;:&quot;Previous&quot;,&quot;button_width&quot;:&quot;100&quot;,&quot;step_type&quot;:&quot;number_text&quot;,&quot;step_icon_shape&quot;:&quot;circle&quot;}\" data-widget_type=\"form.default\">\n\t\t\t\t<div class=\"elementor-widget-container\">\n\t\t\t\t\t\t\t<form class=\"elementor-form\" method=\"post\" name=\"Contattaci per una consulenza\" aria-label=\"Contattaci per una consulenza\">\n\t\t\t<input type=\"hidden\" name=\"post_id\" value=\"25622\"\/>\n\t\t\t<input type=\"hidden\" name=\"form_id\" value=\"372754d\"\/>\n\t\t\t<input type=\"hidden\" name=\"referer_title\" value=\"Work-life balance e digitale: quale rapporto - WEGG\" \/>\n\n\t\t\t\t\t\t\t<input type=\"hidden\" name=\"queried_id\" value=\"25622\"\/>\n\t\t\t\n\t\t\t<div class=\"elementor-form-fields-wrapper elementor-labels-above\">\n\t\t\t\t\t\t\t\t<div class=\"elementor-field-type-text elementor-field-group elementor-column elementor-field-group-name elementor-col-50 elementor-field-required\">\n\t\t\t\t\t\t\t\t\t\t\t\t<label for=\"form-field-name\" class=\"elementor-field-label\">\n\t\t\t\t\t\t\t\tNome:\t\t\t\t\t\t\t<\/label>\n\t\t\t\t\t\t\t\t\t\t\t\t\t\t<input size=\"1\" type=\"text\" name=\"form_fields[name]\" id=\"form-field-name\" class=\"elementor-field elementor-size-sm  elementor-field-textual\" required=\"required\">\n\t\t\t\t\t\t\t\t\t\t\t<\/div>\n\t\t\t\t\t\t\t\t<div class=\"elementor-field-type-text elementor-field-group elementor-column elementor-field-group-cognome elementor-col-50 elementor-field-required\">\n\t\t\t\t\t\t\t\t\t\t\t\t<label for=\"form-field-cognome\" class=\"elementor-field-label\">\n\t\t\t\t\t\t\t\tCognome:\t\t\t\t\t\t\t<\/label>\n\t\t\t\t\t\t\t\t\t\t\t\t\t\t<input size=\"1\" type=\"text\" name=\"form_fields[cognome]\" id=\"form-field-cognome\" class=\"elementor-field elementor-size-sm  elementor-field-textual\" required=\"required\">\n\t\t\t\t\t\t\t\t\t\t\t<\/div>\n\t\t\t\t\t\t\t\t<div class=\"elementor-field-type-email elementor-field-group elementor-column elementor-field-group-email elementor-col-50 elementor-field-required\">\n\t\t\t\t\t\t\t\t\t\t\t\t<label for=\"form-field-email\" class=\"elementor-field-label\">\n\t\t\t\t\t\t\t\tEmail aziendale:\t\t\t\t\t\t\t<\/label>\n\t\t\t\t\t\t\t\t\t\t\t\t\t\t<input size=\"1\" type=\"email\" name=\"form_fields[email]\" id=\"form-field-email\" class=\"elementor-field elementor-size-sm  elementor-field-textual\" required=\"required\">\n\t\t\t\t\t\t\t\t\t\t\t<\/div>\n\t\t\t\t\t\t\t\t<div class=\"elementor-field-type-tel elementor-field-group elementor-column elementor-field-group-field_fa5f1b6 elementor-col-50\">\n\t\t\t\t\t\t\t\t\t\t\t\t<label for=\"form-field-field_fa5f1b6\" class=\"elementor-field-label\">\n\t\t\t\t\t\t\t\tNumero di Telefono:\t\t\t\t\t\t\t<\/label>\n\t\t\t\t\t\t\t\t<input size=\"1\" type=\"tel\" name=\"form_fields[field_fa5f1b6]\" id=\"form-field-field_fa5f1b6\" class=\"elementor-field elementor-size-sm  elementor-field-textual\" pattern=\"[0-9()#&amp;+*-=.]+\" title=\"Sono accettati solo numeri e caratteri telefonici (#, -, *, ecc.).\">\n\n\t\t\t\t\t\t<\/div>\n\t\t\t\t\t\t\t\t<div class=\"elementor-field-type-text elementor-field-group elementor-column elementor-field-group-field_c83c665 elementor-col-50\">\n\t\t\t\t\t\t\t\t\t\t\t\t<label for=\"form-field-field_c83c665\" class=\"elementor-field-label\">\n\t\t\t\t\t\t\t\tRuolo aziendale:\t\t\t\t\t\t\t<\/label>\n\t\t\t\t\t\t\t\t\t\t\t\t\t\t<input size=\"1\" type=\"text\" name=\"form_fields[field_c83c665]\" id=\"form-field-field_c83c665\" class=\"elementor-field elementor-size-sm  elementor-field-textual\">\n\t\t\t\t\t\t\t\t\t\t\t<\/div>\n\t\t\t\t\t\t\t\t<div class=\"elementor-field-type-textarea elementor-field-group elementor-column elementor-field-group-message elementor-col-100\">\n\t\t\t\t\t\t\t\t\t\t\t\t<label for=\"form-field-message\" class=\"elementor-field-label\">\n\t\t\t\t\t\t\t\tSpiegaci meglio la tua situazione:\t\t\t\t\t\t\t<\/label>\n\t\t\t\t\t\t<textarea class=\"elementor-field-textual elementor-field  elementor-size-sm\" name=\"form_fields[message]\" id=\"form-field-message\" rows=\"4\"><\/textarea>\t\t\t\t<\/div>\n\t\t\t\t\t\t\t\t<div class=\"elementor-field-type-acceptance elementor-field-group elementor-column elementor-field-group-field_687c4cc elementor-col-100 elementor-field-required\">\n\t\t\t\t\t\t\t<div class=\"elementor-field-subgroup\">\n\t\t\t<span class=\"elementor-field-option\">\n\t\t\t\t<input type=\"checkbox\" name=\"form_fields[field_687c4cc]\" id=\"form-field-field_687c4cc\" class=\"elementor-field elementor-size-sm  elementor-acceptance-field\" required=\"required\" checked=\"checked\">\n\t\t\t\t<label for=\"form-field-field_687c4cc\">Ho preso visione dell'<a href=\"https:\/\/wegg.it\/privacy-policy\">informativa privacy<\/a> di WEGG e acconsento il trattamento dei miei dati.<\/label>\t\t\t<\/span>\n\t\t<\/div>\n\t\t\t\t\t\t<\/div>\n\t\t\t\t\t\t\t\t<div class=\"elementor-field-type-acceptance elementor-field-group elementor-column elementor-field-group-field_ea8ed71 elementor-col-100\">\n\t\t\t\t\t\t\t<div class=\"elementor-field-subgroup\">\n\t\t\t<span class=\"elementor-field-option\">\n\t\t\t\t<input type=\"checkbox\" name=\"form_fields[field_ea8ed71]\" id=\"form-field-field_ea8ed71\" class=\"elementor-field elementor-size-sm  elementor-acceptance-field\">\n\t\t\t\t<label for=\"form-field-field_ea8ed71\">Voglio rimanere in contatto con WEGG e ricevere contenuti gratuiti.<\/label>\t\t\t<\/span>\n\t\t<\/div>\n\t\t\t\t\t\t<\/div>\n\t\t\t\t\t\t\t\t<div class=\"elementor-field-type-text\">\n\t\t\t\t\t<input size=\"1\" type=\"text\" name=\"form_fields[field_d2bf274]\" id=\"form-field-field_d2bf274\" class=\"elementor-field elementor-size-sm \" style=\"display:none !important;\">\t\t\t\t<\/div>\n\t\t\t\t\t\t\t\t<div class=\"elementor-field-group elementor-column elementor-field-type-submit elementor-col-100 e-form__buttons\">\n\t\t\t\t\t<button class=\"elementor-button elementor-size-sm\" type=\"submit\">\n\t\t\t\t\t\t<span class=\"elementor-button-content-wrapper\">\n\t\t\t\t\t\t\t\t\t\t\t\t\t\t\t\t\t\t\t\t\t\t<span class=\"elementor-button-text\">Invia<\/span>\n\t\t\t\t\t\t\t\t\t\t\t\t\t<\/span>\n\t\t\t\t\t<\/button>\n\t\t\t\t<\/div>\n\t\t\t<\/div>\n\t\t<\/form>\n\t\t\t\t\t\t<\/div>\n\t\t\t\t<\/div>\n\t\t\t\t\t<\/div>\n\t\t<\/div>\n\t\t\t\t\t<\/div>\n\t\t<\/section>\n\t\t\t\t<\/div>\n\t\t","protected":false},"excerpt":{"rendered":"<p>Qual \u00e8 il rapporto tra la qualit\u00e0 della vita (il work-life balance) e le tecnologie digitali? Qual \u00e8 il giusto compromesso?<\/p>","protected":false},"author":8828,"featured_media":30600,"comment_status":"open","ping_status":"open","sticky":false,"template":"","format":"standard","meta":{"inline_featured_image":false,"footnotes":""},"categories":[98,14,94,71,74],"tags":[139,90,132,138],"class_list":["post-25622","post","type-post","status-publish","format-standard","has-post-thumbnail","hentry","category-allestimento-postazioni-digitali","category-approfondimenti","category-user-experience","category-work-from-anywhere","category-workplace-management","tag-benessere-lavorativo","tag-digitale","tag-user-experience","tag-work-life-balance"],"yoast_head":"<!-- This site is optimized with the Yoast SEO plugin v27.1.1 - https:\/\/yoast.com\/product\/yoast-seo-wordpress\/ -->\n<title>Work-life balance e digitale: quale rapporto - WEGG<\/title>\n<meta name=\"description\" content=\"Qual \u00e8 il rapporto tra la qualit\u00e0 della vita (il work-life balance) e le tecnologie digitali? Qual \u00e8 il giusto compromesso?\" \/>\n<meta name=\"robots\" content=\"index, follow, max-snippet:-1, max-image-preview:large, max-video-preview:-1\" \/>\n<link rel=\"canonical\" href=\"https:\/\/wegg.it\/eng\/work-life-balance-rapporto-con-digitale\/\" \/>\n<meta property=\"og:locale\" content=\"en_US\" \/>\n<meta property=\"og:type\" content=\"article\" \/>\n<meta property=\"og:title\" content=\"Work-life balance e digitale: quale rapporto - WEGG\" \/>\n<meta property=\"og:description\" content=\"Qual \u00e8 il rapporto tra la qualit\u00e0 della vita (il work-life balance) e le tecnologie digitali? Qual \u00e8 il giusto compromesso?\" \/>\n<meta property=\"og:url\" content=\"https:\/\/wegg.it\/eng\/work-life-balance-rapporto-con-digitale\/\" \/>\n<meta property=\"og:site_name\" content=\"WEGG\" \/>\n<meta property=\"article:published_time\" content=\"2022-07-27T14:10:02+00:00\" \/>\n<meta property=\"article:modified_time\" content=\"2024-02-02T09:46:19+00:00\" \/>\n<meta property=\"og:image\" content=\"https:\/\/wegg.it\/wp-content\/uploads\/2022\/07\/Articolo2.jpg\" \/>\n\t<meta property=\"og:image:width\" content=\"1024\" \/>\n\t<meta property=\"og:image:height\" content=\"683\" \/>\n\t<meta property=\"og:image:type\" content=\"image\/jpeg\" \/>\n<meta name=\"author\" content=\"Camilla Bottin\" \/>\n<meta name=\"twitter:card\" content=\"summary_large_image\" \/>\n<meta name=\"twitter:label1\" content=\"Written by\" \/>\n\t<meta name=\"twitter:data1\" content=\"Camilla Bottin\" \/>\n\t<meta name=\"twitter:label2\" content=\"Est. reading time\" \/>\n\t<meta name=\"twitter:data2\" content=\"7 minutes\" \/>\n<script type=\"application\/ld+json\" class=\"yoast-schema-graph\">{\"@context\":\"https:\/\/schema.org\",\"@graph\":[{\"@type\":\"Article\",\"@id\":\"https:\/\/wegg.it\/work-life-balance-rapporto-con-digitale\/#article\",\"isPartOf\":{\"@id\":\"https:\/\/wegg.it\/work-life-balance-rapporto-con-digitale\/\"},\"author\":{\"name\":\"Camilla Bottin\",\"@id\":\"https:\/\/www.wegg.it\/#\/schema\/person\/24198ae076770466cc8f909ad75bea89\"},\"headline\":\"Work-life balance e digitale: quale rapporto\",\"datePublished\":\"2022-07-27T14:10:02+00:00\",\"dateModified\":\"2024-02-02T09:46:19+00:00\",\"mainEntityOfPage\":{\"@id\":\"https:\/\/wegg.it\/work-life-balance-rapporto-con-digitale\/\"},\"wordCount\":779,\"commentCount\":0,\"publisher\":{\"@id\":\"https:\/\/www.wegg.it\/#organization\"},\"image\":{\"@id\":\"https:\/\/wegg.it\/work-life-balance-rapporto-con-digitale\/#primaryimage\"},\"thumbnailUrl\":\"https:\/\/wegg.it\/wp-content\/uploads\/2022\/07\/Articolo2.jpg\",\"keywords\":[\"benessere lavorativo\",\"digitale\",\"user experience\",\"work-life balance\"],\"articleSection\":[\"Allestimento postazioni digitali\",\"Approfondimenti\",\"User Experience\",\"Work From Anywhere\",\"Workplace Management\"],\"inLanguage\":\"en-US\",\"potentialAction\":[{\"@type\":\"CommentAction\",\"name\":\"Comment\",\"target\":[\"https:\/\/wegg.it\/work-life-balance-rapporto-con-digitale\/#respond\"]}]},{\"@type\":\"WebPage\",\"@id\":\"https:\/\/wegg.it\/work-life-balance-rapporto-con-digitale\/\",\"url\":\"https:\/\/wegg.it\/work-life-balance-rapporto-con-digitale\/\",\"name\":\"Work-life balance e digitale: quale rapporto - WEGG\",\"isPartOf\":{\"@id\":\"https:\/\/www.wegg.it\/#website\"},\"primaryImageOfPage\":{\"@id\":\"https:\/\/wegg.it\/work-life-balance-rapporto-con-digitale\/#primaryimage\"},\"image\":{\"@id\":\"https:\/\/wegg.it\/work-life-balance-rapporto-con-digitale\/#primaryimage\"},\"thumbnailUrl\":\"https:\/\/wegg.it\/wp-content\/uploads\/2022\/07\/Articolo2.jpg\",\"datePublished\":\"2022-07-27T14:10:02+00:00\",\"dateModified\":\"2024-02-02T09:46:19+00:00\",\"description\":\"Qual \u00e8 il rapporto tra la qualit\u00e0 della vita (il work-life balance) e le tecnologie digitali? Qual \u00e8 il giusto compromesso?\",\"breadcrumb\":{\"@id\":\"https:\/\/wegg.it\/work-life-balance-rapporto-con-digitale\/#breadcrumb\"},\"inLanguage\":\"en-US\",\"potentialAction\":[{\"@type\":\"ReadAction\",\"target\":[\"https:\/\/wegg.it\/work-life-balance-rapporto-con-digitale\/\"]}]},{\"@type\":\"ImageObject\",\"inLanguage\":\"en-US\",\"@id\":\"https:\/\/wegg.it\/work-life-balance-rapporto-con-digitale\/#primaryimage\",\"url\":\"https:\/\/wegg.it\/wp-content\/uploads\/2022\/07\/Articolo2.jpg\",\"contentUrl\":\"https:\/\/wegg.it\/wp-content\/uploads\/2022\/07\/Articolo2.jpg\",\"width\":1024,\"height\":683},{\"@type\":\"BreadcrumbList\",\"@id\":\"https:\/\/wegg.it\/work-life-balance-rapporto-con-digitale\/#breadcrumb\",\"itemListElement\":[{\"@type\":\"ListItem\",\"position\":1,\"name\":\"Home\",\"item\":\"https:\/\/wegg.it\/\"},{\"@type\":\"ListItem\",\"position\":2,\"name\":\"Work-life balance e digitale: quale rapporto\"}]},{\"@type\":\"WebSite\",\"@id\":\"https:\/\/www.wegg.it\/#website\",\"url\":\"https:\/\/www.wegg.it\/\",\"name\":\"WEGG\",\"description\":\"The Impact factory\",\"publisher\":{\"@id\":\"https:\/\/www.wegg.it\/#organization\"},\"potentialAction\":[{\"@type\":\"SearchAction\",\"target\":{\"@type\":\"EntryPoint\",\"urlTemplate\":\"https:\/\/www.wegg.it\/?s={search_term_string}\"},\"query-input\":{\"@type\":\"PropertyValueSpecification\",\"valueRequired\":true,\"valueName\":\"search_term_string\"}}],\"inLanguage\":\"en-US\"},{\"@type\":\"Organization\",\"@id\":\"https:\/\/www.wegg.it\/#organization\",\"name\":\"WEGG\",\"url\":\"https:\/\/www.wegg.it\/\",\"logo\":{\"@type\":\"ImageObject\",\"inLanguage\":\"en-US\",\"@id\":\"https:\/\/www.wegg.it\/#\/schema\/logo\/image\/\",\"url\":\"https:\/\/wegg.it\/wp-content\/uploads\/2022\/03\/cropped-WEGG-marchio-RGB.png\",\"contentUrl\":\"https:\/\/wegg.it\/wp-content\/uploads\/2022\/03\/cropped-WEGG-marchio-RGB.png\",\"width\":968,\"height\":236,\"caption\":\"WEGG\"},\"image\":{\"@id\":\"https:\/\/www.wegg.it\/#\/schema\/logo\/image\/\"},\"sameAs\":[\"https:\/\/it.linkedin.com\/company\/wegg-theimpactfactory\"]},{\"@type\":\"Person\",\"@id\":\"https:\/\/www.wegg.it\/#\/schema\/person\/24198ae076770466cc8f909ad75bea89\",\"name\":\"Camilla Bottin\",\"image\":{\"@type\":\"ImageObject\",\"inLanguage\":\"en-US\",\"@id\":\"https:\/\/www.wegg.it\/#\/schema\/person\/image\/\",\"url\":\"https:\/\/secure.gravatar.com\/avatar\/4dfdf1e48dfe6958209ecc04d673e37c0e6743fb4c85ab6199ed40cd200097de?s=96&d=mm&r=g\",\"contentUrl\":\"https:\/\/secure.gravatar.com\/avatar\/4dfdf1e48dfe6958209ecc04d673e37c0e6743fb4c85ab6199ed40cd200097de?s=96&d=mm&r=g\",\"caption\":\"Camilla Bottin\"},\"url\":\"https:\/\/wegg.it\/eng\/author\/cbottin\/\"}]}<\/script>\n<!-- \/ Yoast SEO plugin. -->","yoast_head_json":{"title":"Work-life balance e digitale: quale rapporto - WEGG","description":"Qual \u00e8 il rapporto tra la qualit\u00e0 della vita (il work-life balance) e le tecnologie digitali? Qual \u00e8 il giusto compromesso?","robots":{"index":"index","follow":"follow","max-snippet":"max-snippet:-1","max-image-preview":"max-image-preview:large","max-video-preview":"max-video-preview:-1"},"canonical":"https:\/\/wegg.it\/eng\/work-life-balance-rapporto-con-digitale\/","og_locale":"en_US","og_type":"article","og_title":"Work-life balance e digitale: quale rapporto - WEGG","og_description":"Qual \u00e8 il rapporto tra la qualit\u00e0 della vita (il work-life balance) e le tecnologie digitali? Qual \u00e8 il giusto compromesso?","og_url":"https:\/\/wegg.it\/eng\/work-life-balance-rapporto-con-digitale\/","og_site_name":"WEGG","article_published_time":"2022-07-27T14:10:02+00:00","article_modified_time":"2024-02-02T09:46:19+00:00","og_image":[{"width":1024,"height":683,"url":"https:\/\/wegg.it\/wp-content\/uploads\/2022\/07\/Articolo2.jpg","type":"image\/jpeg"}],"author":"Camilla Bottin","twitter_card":"summary_large_image","twitter_misc":{"Written by":"Camilla Bottin","Est. reading time":"7 minutes"},"schema":{"@context":"https:\/\/schema.org","@graph":[{"@type":"Article","@id":"https:\/\/wegg.it\/work-life-balance-rapporto-con-digitale\/#article","isPartOf":{"@id":"https:\/\/wegg.it\/work-life-balance-rapporto-con-digitale\/"},"author":{"name":"Camilla Bottin","@id":"https:\/\/www.wegg.it\/#\/schema\/person\/24198ae076770466cc8f909ad75bea89"},"headline":"Work-life balance e digitale: quale rapporto","datePublished":"2022-07-27T14:10:02+00:00","dateModified":"2024-02-02T09:46:19+00:00","mainEntityOfPage":{"@id":"https:\/\/wegg.it\/work-life-balance-rapporto-con-digitale\/"},"wordCount":779,"commentCount":0,"publisher":{"@id":"https:\/\/www.wegg.it\/#organization"},"image":{"@id":"https:\/\/wegg.it\/work-life-balance-rapporto-con-digitale\/#primaryimage"},"thumbnailUrl":"https:\/\/wegg.it\/wp-content\/uploads\/2022\/07\/Articolo2.jpg","keywords":["benessere lavorativo","digitale","user experience","work-life balance"],"articleSection":["Allestimento postazioni digitali","Approfondimenti","User Experience","Work From Anywhere","Workplace Management"],"inLanguage":"en-US","potentialAction":[{"@type":"CommentAction","name":"Comment","target":["https:\/\/wegg.it\/work-life-balance-rapporto-con-digitale\/#respond"]}]},{"@type":"WebPage","@id":"https:\/\/wegg.it\/work-life-balance-rapporto-con-digitale\/","url":"https:\/\/wegg.it\/work-life-balance-rapporto-con-digitale\/","name":"Work-life balance e digitale: quale rapporto - WEGG","isPartOf":{"@id":"https:\/\/www.wegg.it\/#website"},"primaryImageOfPage":{"@id":"https:\/\/wegg.it\/work-life-balance-rapporto-con-digitale\/#primaryimage"},"image":{"@id":"https:\/\/wegg.it\/work-life-balance-rapporto-con-digitale\/#primaryimage"},"thumbnailUrl":"https:\/\/wegg.it\/wp-content\/uploads\/2022\/07\/Articolo2.jpg","datePublished":"2022-07-27T14:10:02+00:00","dateModified":"2024-02-02T09:46:19+00:00","description":"Qual \u00e8 il rapporto tra la qualit\u00e0 della vita (il work-life balance) e le tecnologie digitali? Qual \u00e8 il giusto compromesso?","breadcrumb":{"@id":"https:\/\/wegg.it\/work-life-balance-rapporto-con-digitale\/#breadcrumb"},"inLanguage":"en-US","potentialAction":[{"@type":"ReadAction","target":["https:\/\/wegg.it\/work-life-balance-rapporto-con-digitale\/"]}]},{"@type":"ImageObject","inLanguage":"en-US","@id":"https:\/\/wegg.it\/work-life-balance-rapporto-con-digitale\/#primaryimage","url":"https:\/\/wegg.it\/wp-content\/uploads\/2022\/07\/Articolo2.jpg","contentUrl":"https:\/\/wegg.it\/wp-content\/uploads\/2022\/07\/Articolo2.jpg","width":1024,"height":683},{"@type":"BreadcrumbList","@id":"https:\/\/wegg.it\/work-life-balance-rapporto-con-digitale\/#breadcrumb","itemListElement":[{"@type":"ListItem","position":1,"name":"Home","item":"https:\/\/wegg.it\/"},{"@type":"ListItem","position":2,"name":"Work-life balance e digitale: quale rapporto"}]},{"@type":"WebSite","@id":"https:\/\/www.wegg.it\/#website","url":"https:\/\/www.wegg.it\/","name":"WEGG","description":"The Impact factory","publisher":{"@id":"https:\/\/www.wegg.it\/#organization"},"potentialAction":[{"@type":"SearchAction","target":{"@type":"EntryPoint","urlTemplate":"https:\/\/www.wegg.it\/?s={search_term_string}"},"query-input":{"@type":"PropertyValueSpecification","valueRequired":true,"valueName":"search_term_string"}}],"inLanguage":"en-US"},{"@type":"Organization","@id":"https:\/\/www.wegg.it\/#organization","name":"WEGG","url":"https:\/\/www.wegg.it\/","logo":{"@type":"ImageObject","inLanguage":"en-US","@id":"https:\/\/www.wegg.it\/#\/schema\/logo\/image\/","url":"https:\/\/wegg.it\/wp-content\/uploads\/2022\/03\/cropped-WEGG-marchio-RGB.png","contentUrl":"https:\/\/wegg.it\/wp-content\/uploads\/2022\/03\/cropped-WEGG-marchio-RGB.png","width":968,"height":236,"caption":"WEGG"},"image":{"@id":"https:\/\/www.wegg.it\/#\/schema\/logo\/image\/"},"sameAs":["https:\/\/it.linkedin.com\/company\/wegg-theimpactfactory"]},{"@type":"Person","@id":"https:\/\/www.wegg.it\/#\/schema\/person\/24198ae076770466cc8f909ad75bea89","name":"Camilla Bottin","image":{"@type":"ImageObject","inLanguage":"en-US","@id":"https:\/\/www.wegg.it\/#\/schema\/person\/image\/","url":"https:\/\/secure.gravatar.com\/avatar\/4dfdf1e48dfe6958209ecc04d673e37c0e6743fb4c85ab6199ed40cd200097de?s=96&d=mm&r=g","contentUrl":"https:\/\/secure.gravatar.com\/avatar\/4dfdf1e48dfe6958209ecc04d673e37c0e6743fb4c85ab6199ed40cd200097de?s=96&d=mm&r=g","caption":"Camilla Bottin"},"url":"https:\/\/wegg.it\/eng\/author\/cbottin\/"}]}},"_links":{"self":[{"href":"https:\/\/wegg.it\/eng\/wp-json\/wp\/v2\/posts\/25622","targetHints":{"allow":["GET"]}}],"collection":[{"href":"https:\/\/wegg.it\/eng\/wp-json\/wp\/v2\/posts"}],"about":[{"href":"https:\/\/wegg.it\/eng\/wp-json\/wp\/v2\/types\/post"}],"author":[{"embeddable":true,"href":"https:\/\/wegg.it\/eng\/wp-json\/wp\/v2\/users\/8828"}],"replies":[{"embeddable":true,"href":"https:\/\/wegg.it\/eng\/wp-json\/wp\/v2\/comments?post=25622"}],"version-history":[{"count":24,"href":"https:\/\/wegg.it\/eng\/wp-json\/wp\/v2\/posts\/25622\/revisions"}],"predecessor-version":[{"id":36665,"href":"https:\/\/wegg.it\/eng\/wp-json\/wp\/v2\/posts\/25622\/revisions\/36665"}],"wp:featuredmedia":[{"embeddable":true,"href":"https:\/\/wegg.it\/eng\/wp-json\/wp\/v2\/media\/30600"}],"wp:attachment":[{"href":"https:\/\/wegg.it\/eng\/wp-json\/wp\/v2\/media?parent=25622"}],"wp:term":[{"taxonomy":"category","embeddable":true,"href":"https:\/\/wegg.it\/eng\/wp-json\/wp\/v2\/categories?post=25622"},{"taxonomy":"post_tag","embeddable":true,"href":"https:\/\/wegg.it\/eng\/wp-json\/wp\/v2\/tags?post=25622"}],"curies":[{"name":"wp","href":"https:\/\/api.w.org\/{rel}","templated":true}]}}